{"id":1878,"date":"2024-05-16T19:49:09","date_gmt":"2024-05-16T19:49:09","guid":{"rendered":"https:\/\/estudiosdeldesarrollo.mx\/observatoriodeldesarrollo\/?p=1878"},"modified":"2025-04-04T20:44:52","modified_gmt":"2025-04-04T20:44:52","slug":"numero-36","status":"publish","type":"post","link":"https:\/\/estudiosdeldesarrollo.mx\/observatoriodeldesarrollo\/numero-36\/","title":{"rendered":"N\u00famero 36"},"content":{"rendered":"<div id=\"contenedor30\">\n<div style=\"float: left;\">\n<div>\n<p><img loading=\"lazy\" decoding=\"async\" class=\"alignnone  wp-image-1011\" src=\"https:\/\/estudiosdeldesarrollo.mx\/observatoriodeldesarrollo\/wp-content\/uploads\/2024\/05\/OD36portada.jpg\" alt=\"\" width=\"450\" height=\"583\" \/><\/p>\n<\/div>\n<\/div>\n<div style=\"float: left; background-color: #f2f2f2; padding: 10px; width: 100%;\">\n<h4 style=\"color: #b04e47;\"><span style=\"color: #6582b0;\"><b>Editorial<\/b><\/span><\/h4>\n<p><span style=\"color: #000000;\"><span style=\"font-size: 19px;\">M\u00e9xico: grandes problemas del desarrollo<\/span><\/span><\/p>\n<h4 style=\"color: #6582b0;\"><span style=\"color: #6582b0;\"><b>Temas cr\u00edticos<\/b><\/span><\/h4>\n<p><a href=\"https:\/\/estudiosdeldesarrollo.mx\/observatoriodeldesarrollo\/wp-content\/uploads\/2025\/01\/OD36-1.pdf\" target=\"_blank\" rel=\"noopener\"><big><span style=\"color: #000000; font-size: 19px;\">La 4T ante la reestructuraci\u00f3n neoliberal en M\u00e9xico. Apuntes para un replanteamiento de la cuesti\u00f3n del desarrollo<\/span><\/big><\/a><br \/>\n<span style=\"color: #808080;\"><b>Ra\u00fal Delgado Wise<\/b><\/span><br \/>\n<big><\/big><\/p>\n<p><a href=\"https:\/\/estudiosdeldesarrollo.mx\/observatoriodeldesarrollo\/wp-content\/uploads\/2024\/12\/OD36-2.pdf\" target=\"_blank\" rel=\"noopener\"><span style=\"color: #000000;\"><span style=\"font-size: 19px;\">Pedro Castillo y los intereses de la derecha y del empresariado<\/span><\/span><\/a><br \/>\n<span style=\"color: #808080;\"><strong>Jan Lust<\/strong><\/span><br \/>\n<big><\/big><\/p>\n<p><a href=\"https:\/\/estudiosdeldesarrollo.mx\/observatoriodeldesarrollo\/wp-content\/uploads\/2025\/01\/OD36-3.pdf\" target=\"_blank\" rel=\"noopener\"><big><span style=\"color: #000000; font-size: 19px;\">Reconfiguraci\u00f3n neoliberal de la pol\u00edtica minera. Tensiones y resistencia en Morelos, M\u00e9xico<\/span><\/big><\/a><br \/>\n<span style=\"color: #808080;\"><b>Jes\u00fas Antonio E. Salazar\u00a0 |\u00a0 Rafael Monroy Ortiz<\/b><\/span><\/p>\n<p><a href=\"https:\/\/estudiosdeldesarrollo.mx\/observatoriodeldesarrollo\/wp-content\/uploads\/2025\/01\/OD36-4.pdf\" target=\"_blank\" rel=\"noopener\"><big><span style=\"color: #000000; font-size: 19px;\">La militarizaci\u00f3n y las acciones c\u00edvico-militares en M\u00e9xico: la intenci\u00f3n de prevenir la subversi\u00f3n<\/span><\/big><\/a><br \/>\n<span style=\"color: #808080;\"><b>Alan Gabriel Lozano Jim\u00e9nez<\/b><\/span><\/p>\n<p><big><span style=\"color: #000000; font-size: 19px;\">M\u00e9xico en la econom\u00eda pol\u00edtica global: patr\u00f3n de acumulaci\u00f3n y mercado mundial<\/span><\/big><br \/>\n<span style=\"color: #808080;\"><b>Humberto M\u00e1rquez Covarrubias<\/b><\/span><\/p>\n<h4 style=\"color: #6582b0;\"><span style=\"color: #6582b0;\"><b>Debate<\/b><\/span><\/h4>\n<p><a href=\"https:\/\/estudiosdeldesarrollo.mx\/observatoriodeldesarrollo\/wp-content\/uploads\/2025\/04\/OD36-6.pdf\" target=\"_blank\" rel=\"noopener\"><span style=\"color: #000000;\"><span style=\"font-size: 19px;\">El bucle de la proactividad: la cultura del <em>coaching<\/em> en la sociedad del cansancio<\/span><\/span><\/a><br \/>\n<span style=\"color: #808080;\"><b>Ang\u00e9lica Rivas Hern\u00e1ndez<\/b><\/span><\/p>\n<div style=\"background-color: #6582b0; padding: 10px; width: 100%;\"><span style=\"color: #ffffff;\"><strong><em>Observatorio del Desarrollo. Investigaci\u00f3n, reflexi\u00f3n y an\u00e1lisis<\/em>, volumen 12, n\u00famero 35, mayo-agosto 2023<\/strong>, es una publicaci\u00f3n cuatrimestral editada por la Universidad Aut\u00f3noma de Zacatecas \u00abFrancisco Garc\u00eda Salinas\u00bb, a trav\u00e9s de la Unidad Acad\u00e9mica en Estudios del Desarrollo, Jard\u00edn Ju\u00e1rez 147, colonia Centro, Zacatecas, C.P. 98000, Tel. (01492) 922 91 09, www.uaz.edu.mx, www.estudiosdeldesarrollo.mx, revistaod@uaz.edu.mx. <em>Editor responsable<\/em>: Humberto M\u00e1rquez Covarrubias. Reserva de Derechos al Uso Exclusivo V\u00eda Red C\u00f3mputo No. 04-2015-060212180900-203. ISSN: 2594-0902, ambos otorgados por el Instituto Nacional del Derecho de Autor. <em>Responsable de \u00faltima actualizaci\u00f3n:<\/em> Israel David Pi\u00f1a Garc\u00eda, Unidad Acad\u00e9mica en Estudios del Desarrollo, Campus Universitario II, avenida Preparatoria s\/n, fraccionamiento Progreso, Zacatecas, C.P. 98065. <em>Fecha de la \u00faltima modificaci\u00f3n,<\/em> abril de 2023.<\/span><\/div>\n<div style=\"background-color: #6582b0; padding: 10px; width: 100%;\"><span style=\"color: #ffffff;\">Fotograf\u00eda de portada: Lucy Nieto<\/span><\/div>\n<div style=\"background-color: #6582b0; padding: 10px; width: 100%;\"><span style=\"color: #ffffff;\">Las opiniones expresadas por los autores no necesariamente reflejan la postura del editor de la publicaci\u00f3n. Queda estrictamente prohibida la reproducci\u00f3n total o parcial de los contenidos e im\u00e1genes de la publicaci\u00f3n sin previa autorizaci\u00f3n de la Universidad Aut\u00f3noma de Zacatecas \u00abFrancisco Garc\u00eda Salinas\u00bb a trav\u00e9s de la Unidad Acad\u00e9mica en Estudios del Desarrollo.<\/span><br \/>\n<span style=\"color: #ffffff;\"><a style=\"color: #ffffff;\" href=\"https:\/\/doi.org\/10.35533\/od.numero35\" target=\"_blank\" rel=\"noopener noreferrer\">https:\/\/doi.org\/10.35533\/od.numero35<\/a><\/span><\/div>\n<\/div>\n<\/div>\n","protected":false},"excerpt":{"rendered":"<p>Editorial M\u00e9xico: grandes problemas del desarrollo Temas cr\u00edticos La 4T ante la reestructuraci\u00f3n neoliberal en M\u00e9xico. Apuntes para un replanteamiento de la cuesti\u00f3n del desarrollo Ra\u00fal Delgado Wise Pedro Castillo y los intereses de la derecha y del empresariado Jan<\/p>\n","protected":false},"author":2,"featured_media":0,"comment_status":"closed","ping_status":"closed","sticky":false,"template":"","format":"standard","meta":{"footnotes":""},"categories":[1],"tags":[],"class_list":["post-1878","post","type-post","status-publish","format-standard","hentry","category-uncategorized"],"_links":{"self":[{"href":"https:\/\/estudiosdeldesarrollo.mx\/observatoriodeldesarrollo\/wp-json\/wp\/v2\/posts\/1878","targetHints":{"allow":["GET"]}}],"collection":[{"href":"https:\/\/estudiosdeldesarrollo.mx\/observatoriodeldesarrollo\/wp-json\/wp\/v2\/posts"}],"about":[{"href":"https:\/\/estudiosdeldesarrollo.mx\/observatoriodeldesarrollo\/wp-json\/wp\/v2\/types\/post"}],"author":[{"embeddable":true,"href":"https:\/\/estudiosdeldesarrollo.mx\/observatoriodeldesarrollo\/wp-json\/wp\/v2\/users\/2"}],"replies":[{"embeddable":true,"href":"https:\/\/estudiosdeldesarrollo.mx\/observatoriodeldesarrollo\/wp-json\/wp\/v2\/comments?post=1878"}],"version-history":[{"count":5,"href":"https:\/\/estudiosdeldesarrollo.mx\/observatoriodeldesarrollo\/wp-json\/wp\/v2\/posts\/1878\/revisions"}],"predecessor-version":[{"id":1979,"href":"https:\/\/estudiosdeldesarrollo.mx\/observatoriodeldesarrollo\/wp-json\/wp\/v2\/posts\/1878\/revisions\/1979"}],"wp:attachment":[{"href":"https:\/\/estudiosdeldesarrollo.mx\/observatoriodeldesarrollo\/wp-json\/wp\/v2\/media?parent=1878"}],"wp:term":[{"taxonomy":"category","embeddable":true,"href":"https:\/\/estudiosdeldesarrollo.mx\/observatoriodeldesarrollo\/wp-json\/wp\/v2\/categories?post=1878"},{"taxonomy":"post_tag","embeddable":true,"href":"https:\/\/estudiosdeldesarrollo.mx\/observatoriodeldesarrollo\/wp-json\/wp\/v2\/tags?post=1878"}],"curies":[{"name":"wp","href":"https:\/\/api.w.org\/{rel}","templated":true}]}}