{"id":1876,"date":"2024-05-16T19:41:45","date_gmt":"2024-05-16T19:41:45","guid":{"rendered":"https:\/\/estudiosdeldesarrollo.mx\/observatoriodeldesarrollo\/?p=1876"},"modified":"2025-01-24T16:44:30","modified_gmt":"2025-01-24T16:44:30","slug":"numero-35","status":"publish","type":"post","link":"https:\/\/estudiosdeldesarrollo.mx\/observatoriodeldesarrollo\/numero-35\/","title":{"rendered":"N\u00famero 35"},"content":{"rendered":"<div id=\"contenedor30\">\n<div style=\"float: left;\">\n<div>\n<p><img loading=\"lazy\" decoding=\"async\" class=\"alignnone  wp-image-1011\" src=\"https:\/\/estudiosdeldesarrollo.mx\/observatoriodeldesarrollo\/wp-content\/uploads\/2024\/05\/OD35forros.jpg\" alt=\"\" width=\"450\" height=\"583\" \/><\/p>\n<\/div>\n<\/div>\n<div style=\"float: left; background-color: #f2f2f2; padding: 10px; width: 100%;\">\n<h4 style=\"color: #b04e47;\"><span style=\"color: #8c7000;\"><b>Editorial<\/b><\/span><\/h4>\n<p><a href=\"https:\/\/estudiosdeldesarrollo.mx\/observatoriodeldesarrollo\/wp-content\/uploads\/2025\/01\/OD35-e.pdf\" target=\"_blank\" rel=\"noopener\"><span style=\"color: #000000;\"><span style=\"font-size: 19px;\">Violencia, extractivismo y territorialidad<\/span><\/span><\/a><\/p>\n<h4 style=\"color: #b04e47;\"><span style=\"color: #8c7000;\"><b>Temas cr\u00edticos<\/b><\/span><\/h4>\n<p><a href=\"https:\/\/estudiosdeldesarrollo.mx\/observatoriodeldesarrollo\/wp-content\/uploads\/2025\/01\/OD35-1.pdf\" target=\"_blank\" rel=\"noopener\"><big><span style=\"color: #000000; font-size: 19px;\">Miner\u00eda e institucionalidad: los avatares de la Ley Minera, del nacionalismo revolucionario a la reforma de 2023<\/span><\/big><\/a><br \/>\n<span style=\"color: #808080;\"><b>Arturo Burnes<\/b><\/span><br \/>\n<big><\/big><\/p>\n<p><a href=\"https:\/\/estudiosdeldesarrollo.mx\/observatoriodeldesarrollo\/wp-content\/uploads\/2024\/10\/OD35-2.pdf\" target=\"_blank\" rel=\"noopener\"><span style=\"color: #000000;\"><span style=\"font-size: 19px;\">Cercamiento violento de los bienes comunes en la frontera extractiva de Am\u00e9rica Latina<\/span><\/span><\/a><br \/>\n<span style=\"color: #808080;\"><strong>Darcy Tetreault<\/strong><\/span><br \/>\n<big><\/big><\/p>\n<p><a href=\"https:\/\/estudiosdeldesarrollo.mx\/observatoriodeldesarrollo\/wp-content\/uploads\/2024\/12\/OD35-3.pdf\" target=\"_blank\" rel=\"noopener\"><big><span style=\"color: #000000; font-size: 19px;\">Entre violaciones a derechos humanos y la narrativa medi\u00e1tica: el caso de la presa Milpillas en Zacatecas<\/span><\/big><\/a><br \/>\n<span style=\"color: #808080;\"><b>Grecia Eugenia Rodr\u00edguez Navarro<\/b><\/span><\/p>\n<p><a href=\"https:\/\/estudiosdeldesarrollo.mx\/observatoriodeldesarrollo\/wp-content\/uploads\/2024\/12\/OD35-4.pdf\" target=\"_blank\" rel=\"noopener\"><big><span style=\"color: #000000; font-size: 19px;\">Consideraciones de la destrucci\u00f3n de la naturaleza en el medio capitalista desde el marco de una filosof\u00eda de la praxis<\/span><\/big><\/a><br \/>\n<span style=\"color: #808080;\"><b>Vladimir Vitela Hern\u00e1ndez<\/b><\/span><\/p>\n<p><big><span style=\"color: #000000; font-size: 19px;\">Capitalismo expoliador y rentista: entre la disputa y la dependencia por las rentas<\/span><\/big><br \/>\n<span style=\"color: #808080;\"><b>Humberto M\u00e1rquez Covarrubias<\/b><\/span><\/p>\n<p><a href=\"https:\/\/estudiosdeldesarrollo.mx\/observatoriodeldesarrollo\/wp-content\/uploads\/2024\/10\/OD35-6.pdf\" target=\"_blank\" rel=\"noopener\"><big><span style=\"color: #000000; font-size: 19px;\">Las ciudadan\u00edas como alternativas a la crisis ambiental<\/span><\/big><\/a><br \/>\n<span style=\"color: #808080;\"><b>Hime del Carmen Redin Morales<\/b><\/span><\/p>\n<h4 style=\"color: #b04e47;\"><span style=\"color: #8c7000;\"><b>Circunvalaciones<\/b><\/span><\/h4>\n<p><a href=\"https:\/\/estudiosdeldesarrollo.mx\/observatoriodeldesarrollo\/wp-content\/uploads\/2024\/12\/OD35-7.pdf\" target=\"_blank\" rel=\"noopener\"><span style=\"color: #000000;\"><span style=\"font-size: 19px;\">Rese\u00f1a del libro <em>Filosof\u00eda e inscripci\u00f3n. Vida y muerte en tiempos de excepci\u00f3n<\/em>, de Omar Espinosa Cisneros<\/span><\/span><\/a><br \/>\n<span style=\"color: #808080;\"><b>Humberto M\u00e1rquez Covarrubias<\/b><\/span><\/p>\n<div style=\"background-color: #8c7000; padding: 10px; width: 100%;\"><span style=\"color: #ffffff;\"><strong><em>Observatorio del Desarrollo. Investigaci\u00f3n, reflexi\u00f3n y an\u00e1lisis<\/em>, volumen 12, n\u00famero 35, mayo-agosto 2023<\/strong>, es una publicaci\u00f3n cuatrimestral editada por la Universidad Aut\u00f3noma de Zacatecas \u00abFrancisco Garc\u00eda Salinas\u00bb, a trav\u00e9s de la Unidad Acad\u00e9mica en Estudios del Desarrollo, Jard\u00edn Ju\u00e1rez 147, colonia Centro, Zacatecas, C.P. 98000, Tel. (01492) 922 91 09, www.uaz.edu.mx, www.estudiosdeldesarrollo.mx, revistaod@uaz.edu.mx. <em>Editor responsable<\/em>: Humberto M\u00e1rquez Covarrubias. Reserva de Derechos al Uso Exclusivo V\u00eda Red C\u00f3mputo No. 04-2015-060212180900-203. ISSN: 2594-0902, ambos otorgados por el Instituto Nacional del Derecho de Autor. <em>Responsable de \u00faltima actualizaci\u00f3n:<\/em> Israel David Pi\u00f1a Garc\u00eda, Unidad Acad\u00e9mica en Estudios del Desarrollo, Campus Universitario II, avenida Preparatoria s\/n, fraccionamiento Progreso, Zacatecas, C.P. 98065. <em>Fecha de la \u00faltima modificaci\u00f3n,<\/em> abril de 2023.<\/span><\/div>\n<div style=\"background-color: #8c7000; padding: 10px; width: 100%;\"><span style=\"color: #ffffff;\">Fotograf\u00eda de portada: Jes\u00fas Villaseca P\u00e9rez<\/span><\/div>\n<div style=\"background-color: #8c7000; padding: 10px; width: 100%;\"><span style=\"color: #ffffff;\">Las opiniones expresadas por los autores no necesariamente reflejan la postura del editor de la publicaci\u00f3n. Queda estrictamente prohibida la reproducci\u00f3n total o parcial de los contenidos e im\u00e1genes de la publicaci\u00f3n sin previa autorizaci\u00f3n de la Universidad Aut\u00f3noma de Zacatecas \u00abFrancisco Garc\u00eda Salinas\u00bb a trav\u00e9s de la Unidad Acad\u00e9mica en Estudios del Desarrollo.<\/span><br \/>\n<span style=\"color: #ffffff;\"><a style=\"color: #ffffff;\" href=\"https:\/\/doi.org\/10.35533\/od.numero35\" target=\"_blank\" rel=\"noopener noreferrer\">https:\/\/doi.org\/10.35533\/od.numero35<\/a><\/span><\/div>\n<\/div>\n<\/div>\n","protected":false},"excerpt":{"rendered":"<p>Editorial Violencia, extractivismo y territorialidad Temas cr\u00edticos Miner\u00eda e institucionalidad: los avatares de la Ley Minera, del nacionalismo revolucionario a la reforma de 2023 Arturo Burnes Cercamiento violento de los bienes comunes en la frontera extractiva de Am\u00e9rica Latina Darcy<\/p>\n","protected":false},"author":2,"featured_media":0,"comment_status":"closed","ping_status":"closed","sticky":false,"template":"","format":"standard","meta":{"footnotes":""},"categories":[1],"tags":[],"class_list":["post-1876","post","type-post","status-publish","format-standard","hentry","category-uncategorized"],"_links":{"self":[{"href":"https:\/\/estudiosdeldesarrollo.mx\/observatoriodeldesarrollo\/wp-json\/wp\/v2\/posts\/1876","targetHints":{"allow":["GET"]}}],"collection":[{"href":"https:\/\/estudiosdeldesarrollo.mx\/observatoriodeldesarrollo\/wp-json\/wp\/v2\/posts"}],"about":[{"href":"https:\/\/estudiosdeldesarrollo.mx\/observatoriodeldesarrollo\/wp-json\/wp\/v2\/types\/post"}],"author":[{"embeddable":true,"href":"https:\/\/estudiosdeldesarrollo.mx\/observatoriodeldesarrollo\/wp-json\/wp\/v2\/users\/2"}],"replies":[{"embeddable":true,"href":"https:\/\/estudiosdeldesarrollo.mx\/observatoriodeldesarrollo\/wp-json\/wp\/v2\/comments?post=1876"}],"version-history":[{"count":5,"href":"https:\/\/estudiosdeldesarrollo.mx\/observatoriodeldesarrollo\/wp-json\/wp\/v2\/posts\/1876\/revisions"}],"predecessor-version":[{"id":1966,"href":"https:\/\/estudiosdeldesarrollo.mx\/observatoriodeldesarrollo\/wp-json\/wp\/v2\/posts\/1876\/revisions\/1966"}],"wp:attachment":[{"href":"https:\/\/estudiosdeldesarrollo.mx\/observatoriodeldesarrollo\/wp-json\/wp\/v2\/media?parent=1876"}],"wp:term":[{"taxonomy":"category","embeddable":true,"href":"https:\/\/estudiosdeldesarrollo.mx\/observatoriodeldesarrollo\/wp-json\/wp\/v2\/categories?post=1876"},{"taxonomy":"post_tag","embeddable":true,"href":"https:\/\/estudiosdeldesarrollo.mx\/observatoriodeldesarrollo\/wp-json\/wp\/v2\/tags?post=1876"}],"curies":[{"name":"wp","href":"https:\/\/api.w.org\/{rel}","templated":true}]}}